{"id":747,"date":"2022-04-17T16:52:27","date_gmt":"2022-04-17T15:52:27","guid":{"rendered":"https:\/\/www.ceciliadanell.com\/wordpressblog\/?p=747"},"modified":"2023-08-08T18:33:40","modified_gmt":"2023-08-08T17:33:40","slug":"generation-2022-butler-gallery","status":"publish","type":"post","link":"https:\/\/www.ceciliadanell.com\/wordpressblog\/archives\/747","title":{"rendered":"GENERATION 2022: Butler Gallery"},"content":{"rendered":"\n<figure class=\"wp-block-image size-large\"><img src=\"https:\/\/www.ceciliadanell.com\/images\/photos\/generationposter.jpg\" alt=\"\"\/><\/figure>\n\n\n\n<h5>I&#8217;m delighted to be featured in this painting exhibition at Butler Gallery, Kilkenny. The opening takes place 5-7pm on the 23rd April. The exhibition runs until the 10th July. <\/h5>\n\n\n\n<p><\/p>\n\n\n\n<p><\/p>\n\n\n\n<p><\/p>\n\n\n\n<p><em>Butler Gallery is pleased to present&nbsp;<strong>GENERATION<\/strong>2022:&nbsp;New Irish Painting, a celebration of painting and of painters at work in Ireland today.<\/em><\/p>\n\n\n\n<h5><em>The exhibition is curated by Butler Gallery Director Anna O\u2019Sullivan and includes the following eclectic group of 26 artists:<br><\/em><br><em>Helen Blake | Miranda Blennerhassett | Peter Bradley | Diarmuid Breen | Megan Burns | Serena Caulfield | Susan Connolly | Cecilia Danell |&nbsp;Mollie Douthit | Stephen Doyle | Gabhann Dunne | David Eager Maher | Fiona Finnegan | Deirdre Frost | Philip Gerald | Brian Harte | Sinead Lucey | Sin\u00e9ad N\u00ed Mhaonaigh | R\u00f3is\u00edn O\u2019Sullivan | Jane Rainey | Sheila Rennick | Ciara Roche | Emma Roche | Salvatore of Lucan | Jennifer Trouton | Marcel Vidal<\/em><\/h5>\n\n\n\n<h5><em>The works on view reflect a diversity of approach to picture making, from abstraction to figuration, to representational work embracing landscape and portraiture. Some paintings are incorporated into installations on the wall, some are free-standing in the middle of the gallery, but mostly the works are two-dimensional explorations of a variety of the passions, issues and concerns of the individual artists.<\/em><\/h5>\n\n\n\n<h5><strong><a href=\"http:\/\/www.butlergallery.ie\" data-type=\"URL\" data-id=\"www.butlergallery.ie\" target=\"_blank\" rel=\"noreferrer noopener\">www.butlergallery.ie<\/a><\/strong><\/h5>\n\n\n\n<p><\/p>\n","protected":false},"excerpt":{"rendered":"<p>I&#8217;m delighted to be featured in this painting exhibition at Butler Gallery, Kilkenny. The opening takes place 5-7pm on the 23rd April. The exhibition runs until the 10th July. Butler Gallery is pleased to present&nbsp;GENERATION2022:&nbsp;New Irish Painting, a celebration of painting and of painters at work in Ireland today. The exhibition is curated by Butler [&hellip;]<\/p>\n","protected":false},"author":1,"featured_media":0,"comment_status":"closed","ping_status":"","sticky":false,"template":"","format":"standard","meta":{"hide_page_title":""},"categories":[1],"tags":[],"_links":{"self":[{"href":"https:\/\/www.ceciliadanell.com\/wordpressblog\/wp-json\/wp\/v2\/posts\/747"}],"collection":[{"href":"https:\/\/www.ceciliadanell.com\/wordpressblog\/wp-json\/wp\/v2\/posts"}],"about":[{"href":"https:\/\/www.ceciliadanell.com\/wordpressblog\/wp-json\/wp\/v2\/types\/post"}],"author":[{"embeddable":true,"href":"https:\/\/www.ceciliadanell.com\/wordpressblog\/wp-json\/wp\/v2\/users\/1"}],"replies":[{"embeddable":true,"href":"https:\/\/www.ceciliadanell.com\/wordpressblog\/wp-json\/wp\/v2\/comments?post=747"}],"version-history":[{"count":4,"href":"https:\/\/www.ceciliadanell.com\/wordpressblog\/wp-json\/wp\/v2\/posts\/747\/revisions"}],"predecessor-version":[{"id":805,"href":"https:\/\/www.ceciliadanell.com\/wordpressblog\/wp-json\/wp\/v2\/posts\/747\/revisions\/805"}],"wp:attachment":[{"href":"https:\/\/www.ceciliadanell.com\/wordpressblog\/wp-json\/wp\/v2\/media?parent=747"}],"wp:term":[{"taxonomy":"category","embeddable":true,"href":"https:\/\/www.ceciliadanell.com\/wordpressblog\/wp-json\/wp\/v2\/categories?post=747"},{"taxonomy":"post_tag","embeddable":true,"href":"https:\/\/www.ceciliadanell.com\/wordpressblog\/wp-json\/wp\/v2\/tags?post=747"}],"curies":[{"name":"wp","href":"https:\/\/api.w.org\/{rel}","templated":true}]}}