{"id":918,"date":"2025-06-22T14:33:38","date_gmt":"2025-06-22T13:33:38","guid":{"rendered":"https:\/\/www.ceciliadanell.com\/wordpressblog\/?p=918"},"modified":"2025-06-22T14:35:10","modified_gmt":"2025-06-22T13:35:10","slug":"in-bloom-532-gallery-jaeckel","status":"publish","type":"post","link":"https:\/\/www.ceciliadanell.com\/wordpressblog\/archives\/918","title":{"rendered":"&#8216;In Bloom&#8217; 532 Gallery Jaeckel"},"content":{"rendered":"\n<h5>I&#8217;m delighted to be participating in &#8216;In Bloom&#8217; at 532 Gallery Jaeckel, the inaugural exhibition in their new premises in Basel, Switzerland. <\/h5>\n\n\n\n<h5>The exhibition opened on the 17th June, and I was happy to be able to attend and spend a few days in Basel. It runs until the 1st August. <\/h5>\n\n\n\n<figure class=\"wp-block-image size-large\"><img src=\"http:\/\/www.ceciliadanell.com\/images\/photos\/532galleryBluebellLane.png\" alt=\"\"\/><figcaption>&#8216;Bluebell Lane&#8217; oil and acrylic on canvas, 30&#215;40 cm, 2025. <\/figcaption><\/figure>\n\n\n\n<h5><em>532 Gallery Jaeckel presents\u00a0In Bloom, a group exhibition featuring Ian Hughes, Sin\u00e9ad N\u00ed Mhaonaigh, Yongjae Kim, Paco Marcial, Christine Nguyen, John Alexander Parks, Jean-Guerly P\u00e9tion, Lily Prince, Danielle Riede, Danny Rolph, Alberto Alejandro Rodriguez, Robert Armstrong, <strong>Cecilia Danell<\/strong>, Shuto Mizukami, Patrick Neal, Morgan Ogilvie, Ramona Projer, Lennart Rieder, Tanja Selzer, Kazue Taguchi, Erin Turner, and Michael Wang. Exhibiting sculptures, paintings, and mixed-media works,\u00a0In Bloom\u00a0begins with an opening reception on Tuesday\u00a0<strong>June 17, 5\u20137<\/strong>\u00a0pm and runs through\u00a0<strong>August 1<\/strong>.<\/em><\/h5>\n\n\n\n<h5><em>A first showcase in Basel since the gallery\u2019s inception in the mid-aughts, 532 Gallery is excited to present this sun-drenched, summer exhibition with all the radiant characteristics of the season.\u00a0<\/em><\/h5>\n\n\n\n<h5>More information and images of all the artworks can be found on their website: <a rel=\"noreferrer noopener\" href=\"https:\/\/www.532gallery.com\/\" target=\"_blank\">https:\/\/www.532gallery.com\/<\/a><\/h5>\n\n\n\n<h6><strong>532 Gallery Thomas Jaeckel<\/strong><\/h6>\n\n\n\n<h6>Hammerstrasse 121 | Basel 4057 | CH<\/h6>\n\n\n\n<h6>Telephone: +41 78 349 03 00 (Europe) &nbsp;| &nbsp;+1 917 701 3338 (United States)<\/h6>\n\n\n\n<h6>Email: Info@532gallery.com<\/h6>\n\n\n\n<p><\/p>\n","protected":false},"excerpt":{"rendered":"<p>I&#8217;m delighted to be participating in &#8216;In Bloom&#8217; at 532 Gallery Jaeckel, the inaugural exhibition in their new premises in Basel, Switzerland. The exhibition opened on the 17th June, and I was happy to be able to attend and spend a few days in Basel. It runs until the 1st August. 532 Gallery Jaeckel presents\u00a0In [&hellip;]<\/p>\n","protected":false},"author":1,"featured_media":0,"comment_status":"closed","ping_status":"","sticky":false,"template":"","format":"standard","meta":{"hide_page_title":""},"categories":[1],"tags":[],"_links":{"self":[{"href":"https:\/\/www.ceciliadanell.com\/wordpressblog\/wp-json\/wp\/v2\/posts\/918"}],"collection":[{"href":"https:\/\/www.ceciliadanell.com\/wordpressblog\/wp-json\/wp\/v2\/posts"}],"about":[{"href":"https:\/\/www.ceciliadanell.com\/wordpressblog\/wp-json\/wp\/v2\/types\/post"}],"author":[{"embeddable":true,"href":"https:\/\/www.ceciliadanell.com\/wordpressblog\/wp-json\/wp\/v2\/users\/1"}],"replies":[{"embeddable":true,"href":"https:\/\/www.ceciliadanell.com\/wordpressblog\/wp-json\/wp\/v2\/comments?post=918"}],"version-history":[{"count":2,"href":"https:\/\/www.ceciliadanell.com\/wordpressblog\/wp-json\/wp\/v2\/posts\/918\/revisions"}],"predecessor-version":[{"id":921,"href":"https:\/\/www.ceciliadanell.com\/wordpressblog\/wp-json\/wp\/v2\/posts\/918\/revisions\/921"}],"wp:attachment":[{"href":"https:\/\/www.ceciliadanell.com\/wordpressblog\/wp-json\/wp\/v2\/media?parent=918"}],"wp:term":[{"taxonomy":"category","embeddable":true,"href":"https:\/\/www.ceciliadanell.com\/wordpressblog\/wp-json\/wp\/v2\/categories?post=918"},{"taxonomy":"post_tag","embeddable":true,"href":"https:\/\/www.ceciliadanell.com\/wordpressblog\/wp-json\/wp\/v2\/tags?post=918"}],"curies":[{"name":"wp","href":"https:\/\/api.w.org\/{rel}","templated":true}]}}